{"id":2471,"date":"2024-04-17T20:28:39","date_gmt":"2024-04-17T20:28:39","guid":{"rendered":"https:\/\/porlapazylasoberaniaya.es\/?p=2471"},"modified":"2024-04-17T22:12:12","modified_gmt":"2024-04-17T22:12:12","slug":"por-la-paz-y-la-soberania-ya","status":"publish","type":"post","link":"https:\/\/porlapazylasoberaniaya.es\/index.php\/2024\/04\/17\/por-la-paz-y-la-soberania-ya\/","title":{"rendered":"\u00a1POR LA PAZ Y LA SOBERAN\u00cdA YA!"},"content":{"rendered":"\n<p><a href=\"https:\/\/hojasdebate.es\/destacado\/por-la-paz-y-la-soberania-ya-2\/\">&nbsp;<time datetime=\"2024-04-11T09:00:00+02:00\">11 de abril de 2024<\/time><\/a>&nbsp;&nbsp;<a href=\"https:\/\/hojasdebate.es\/author\/por-la-paz-y-la-soberania-ya\/\">\u00a1Por la Paz y la Soberan\u00eda ya!&nbsp;<\/a><a href=\"https:\/\/hojasdebate.es\/destacado\/por-la-paz-y-la-soberania-ya-2\/#comments\">&nbsp;4 Comentarios<\/a><\/p>\n\n\n\n<p><strong>MANIFIESTO PARA LA PROMOCI\u00d3N DE UNA CANDIDATURA ELECTORAL \u201c\u00a1POR LA PAZ Y LA SOBERAN\u00cdA YA!\u201d<a>&nbsp;<\/a>A LAS PR\u00d3XIMAS ELECCIONES AL PARLAMENTO EUROPEO<\/strong>.<\/p>\n\n\n\n<p><a><strong>Antonio Aguado Su\u00e1rez<\/strong><\/a>, uno de los fundadores del sindicato de hosteler\u00eda de las Trade Unions en Gran Breta\u00f1a.&nbsp;<a><sup>[1]<\/sup><\/a>&nbsp;<strong>Rosa Albert Berlanga<\/strong>,&nbsp;funcionaria.&nbsp;<a><strong>Jos\u00e9 Mar\u00eda Alfaya Gonz\u00e1lez<\/strong><\/a><strong>,&nbsp;<\/strong>cantautor.&nbsp;<a><sup>[2]<\/sup><\/a><strong>&nbsp;Floren Dimas Balsalobre,&nbsp;<\/strong>Oficial del Ej\u00e9rcito del Aire (Rt)&nbsp;<a><sup>[3]<\/sup><\/a>&nbsp;<strong>Omar El Hahakeh Garc\u00eda<\/strong>, Licenciado en relaciones internacionales y Derecho ambiental.&nbsp;<a><sup>[4]<\/sup><\/a>&nbsp;<a><strong>Jos\u00e9 Mart\u00ednez Ramos<\/strong><\/a>, Exvicepresidente de la Diputaci\u00f3n Provincial de Badajoz.&nbsp;<a><sup>[5]<\/sup><\/a>&nbsp;<strong>Agust\u00edn Millares Cantero,&nbsp;<\/strong>Hijo Predilecto de la ciudad de Las Palmas de Gran Canaria.&nbsp;<a><sup>[6]<\/sup><\/a>&nbsp;&nbsp;<strong>Manuel Pardo de Donleb\u00fan Montesino<\/strong>,&nbsp;Capit\u00e1n de Nav\u00edo de la Armada.&nbsp;<a><sup>[7]<\/sup><\/a>&nbsp;<strong>Manuel Sogas Coetano<\/strong>,&nbsp;Exjefe Analista Qu\u00edmico del Parque de Artiller\u00eda de Zaragoza, jubilado.<\/p>\n\n\n\n<p><strong>Al t\u00e9rmino del texto constan 110 firmas m\u00e1s de apoyo por orden alfab\u00e9tico.<\/strong><\/p>\n\n\n\n<p><strong>Texto:<\/strong><\/p>\n\n\n\n<p><strong>El fascismo, el viejo y el nuevo, principal enemigo de la democracia, se nutre del belicismo y la guerra que promueve el imperialismo en todo el mundo. Luchar por la paz es luchar por la democracia, es luchar contra el fascismo, es tambi\u00e9n combatir al imperialismo.<\/strong><\/p>\n\n\n\n<p>En la actualidad, son m\u00faltiples los conflictos b\u00e9licos en desarrollo en el mundo. En Europa, la guerra en Ucrania, provocada por los Estados Unidos, la OTAN y la UE contra Rusia, ha arrastrado a la Uni\u00f3n Europea a inversiones militares millonarias que detraen inversiones y gastos sociales, agudizan la dependencia energ\u00e9tica y tecnol\u00f3gica, empujan una subida general de precios y amenazan una recesi\u00f3n econ\u00f3mica y social generalizada.<\/p>\n\n\n\n<p>M\u00e1s tarde, desde el 7 de octubre pasado, tras una incursi\u00f3n armada de la resistencia palestina en Israel, el mundo contempla horrorizado el genocidio del pueblo palestino ordenado por el gobierno de Netanyahu con el apoyo del imperialismo, y en el que han perecido de manera violenta m\u00e1s de 30.000 personas de las que m\u00e1s de 12.000 son menores de edad que, junto a otras confrontaciones b\u00e9licas en Armenia y Azerbaiy\u00e1n, Yemen, Etiop\u00eda, Rep\u00fablica Democr\u00e1tica del Congo, Siria, pa\u00edses del Sahel, S\u00e1hara y Hait\u00ed, configuran m\u00faltiples contiendas b\u00e9licas que amenazan con convertirse en la Tercera Guerra Mundial, con posible empleo de armamento nuclear, en la que millones y millones de seres humanos morir\u00edan de manera cruenta.<\/p>\n\n\n\n<p>Somos conscientes que todas estas guerras -incluso parciales-, provocan consecuencias desastrosas -p\u00e9rdida de vidas humanas, mutilaciones, destrucci\u00f3n de viviendas e infraestructuras, da\u00f1os ambientales, crisis econ\u00f3mica con incremento del paro, desatenci\u00f3n de servicios p\u00fablicos esenciales, supresi\u00f3n de derechos y libertades democr\u00e1ticas y auge del fascismo de todo tipo-, entre otras tantas. Muchas de estas secuelas las est\u00e1n sufriendo ya los pa\u00edses de la UE y de manera particular Espa\u00f1a en forma de deterioro de las condiciones de vida y trabajo.<\/p>\n\n\n\n<p>Mientras, se suceden numerosas y amplias movilizaciones sociales y populares en Europa y en todo el mundo en defensa de la Paz que reclaman el alto el fuego en todos los conflictos b\u00e9licos y condenan la pol\u00edtica imperialista de Estados Unidos y la OTAN, secundada por las instituciones de la Uni\u00f3n Europea y los gobiernos de sus pa\u00edses miembros, y dirigida contra todos los pueblos que luchan por su independencia, por su soberan\u00eda pol\u00edtica y por su emancipaci\u00f3n social y econ\u00f3mica.<\/p>\n\n\n\n<p>En todas estas movilizaciones se aprecia una nota com\u00fan que las unifican: un profundo sentimiento humanitario que rechaza con firmeza la violencia reaccionaria de las armas contra los pueblos, adem\u00e1s de como \u201cm\u00e9todo\u201d de resoluci\u00f3n de las controversias internacionales y reclaman en su lugar la negociaci\u00f3n entre las partes en conflicto y el respeto integral del derecho internacional, y en todo caso, el derecho humanitario, para una soluci\u00f3n pac\u00edfica de los mismos, as\u00ed como su efectiva aplicaci\u00f3n conforme a la Carta de las Naciones Unidas y las resoluciones por ella adoptadas.<\/p>\n\n\n\n<p>El Consejo de la Uni\u00f3n Europea ha decidido que las pr\u00f3ximas elecciones al Parlamento Europeo se celebren del 6 al 9 de junio de 2024. Es el momento de traducir esa resistencia de los pueblos europeos en acciones pol\u00edticas concretas que contribuyan a sustituir a los gobiernos estatales e instancias pluriestatales hoy belicistas, por administraciones que defiendan la Paz y el Progreso Social. Y una de estas formas, sin duda, es la de construir una alternativa electoral que se identifica con el nombre&nbsp;<strong>de \u00a1PAZ Y SOBERAN\u00cdA YA!<\/strong>&nbsp;para estar presentes en las pr\u00f3ximas elecciones al Parlamento Europeo en sinton\u00eda con otras que se presenten a estos comicios en los diferentes pa\u00edses de la UE con la misma finalidad de conseguir la soberan\u00eda de los pueblos, defender la Paz en Europa y en el mundo, adem\u00e1s de erradicar las causas de la guerra y acabar con la miseria.<\/p>\n\n\n\n<p>Debe tenerse en cuenta, en todo caso, la particularidad espec\u00edfica de que en nuestro pa\u00eds las pol\u00edticas neoliberales han sido y siguen siendo ejecutadas por los sucesivos gobiernos de la monarqu\u00eda heredera del franquismo.<\/p>\n\n\n\n<p>Los integrantes de esta propuesta, expresi\u00f3n de la movilizaci\u00f3n ciudadana en defensa de la Paz y contra la guerra imperialista, concentrar\u00edan especialmente sus esfuerzos en:<\/p>\n\n\n\n<p><strong>\u2013 Ampliar, proteger y defender los derechos sociales y las libertades democr\u00e1ticas frente a la represi\u00f3n y amenaza fascista en todas sus formas.<\/strong><\/p>\n\n\n\n<p><strong>\u2013 Rechazar la producci\u00f3n y venta de armas y su traslado a todas las zonas geogr\u00e1ficas en las que actualmente se desarrollan conflictos b\u00e9licos fomentados por el imperialismo, especialmente a Ucrania e Israel.<\/strong><\/p>\n\n\n\n<p><strong>\u2013 Impugnar, en sede parlamentaria y tambi\u00e9n fuera de ella, mediante la m\u00e1s amplia agitaci\u00f3n social, la pol\u00edtica belicista actual de los dirigentes europeos promovida por el imperialismo y la OTAN.<\/strong><\/p>\n\n\n\n<p><strong>\u2013 Impulsar la sustituci\u00f3n de los presupuestos de guerra en la UE -y en todos y cada uno de los presupuestos estatales- por presupuestos sociales destinados a combatir las desigualdades y la miseria social.<\/strong><\/p>\n\n\n\n<p><strong>\u2013 Rebatir el actual marco institucional de la Uni\u00f3n Europea, abogando por uno nuevo que permita relaciones entre todos los pa\u00edses de Europa basadas en el respeto de la soberan\u00eda pol\u00edtica, en la defensa de los intereses de la mayor\u00eda social, en la oposici\u00f3n al neoliberalismo y sus monopolios, y que fomente las relaciones econ\u00f3micas con todos los pa\u00edses del mundo, con renuncia a la imposici\u00f3n de sanciones a terceros y al uso de la fuerza que conlleva la pr\u00e1ctica colonialista.<\/strong><\/p>\n\n\n\n<p><strong>\u2013 Promover, como primer paso, la retirada de los pa\u00edses europeos de la estructura militar de la OTAN y oposici\u00f3n a todos sus planes de rearme y guerra.<\/strong><\/p>\n\n\n\n<p><strong>\u2013 Defender con firmeza la igualdad real de mujeres y hombres tanto en el terreno jur\u00eddico como en todos los \u00e1mbitos de la vida social, econ\u00f3mica y pol\u00edtica.<\/strong><\/p>\n\n\n\n<p>En Espa\u00f1a, el desarrollo pleno de los derechos y libertades democr\u00e1ticas y la incorporaci\u00f3n al texto constitucional de nuevos derechos sociales y econ\u00f3micos b\u00e1sicos en defensa de los intereses de la mayor\u00eda social tropieza con una constituci\u00f3n vigente producto de una transici\u00f3n en la que no solo se legaliz\u00f3 el franquismo, sino que, adem\u00e1s, este particip\u00f3 en la elaboraci\u00f3n del texto constitucional del 78 y permanece incrustado de manera amplia en m\u00faltiples sectores del aparato del estado. Sent\u00f3 las bases para socavar -a\u00fan m\u00e1s- la independencia pol\u00edtica y econ\u00f3mica de Espa\u00f1a. La integraci\u00f3n de Espa\u00f1a en la OTAN y en su estructura militar nos at\u00f3, adem\u00e1s, a las pol\u00edticas militaristas y agresivas del imperialismo.<\/p>\n\n\n\n<p>De tal situaci\u00f3n se deriva la necesidad espec\u00edfica en nuestro pa\u00eds de una ruptura democr\u00e1tica y la apertura de un proceso constituyente republicano. En este sentido, existe en estos momentos una extendida preocupaci\u00f3n e indignaci\u00f3n por la deriva atlantista de la pol\u00edtica exterior y de defensa de Espa\u00f1a, tras la imposici\u00f3n de EE. UU. a la Uni\u00f3n Europea de romper con Rusia y extender la OTAN a Ucrania. De tal situaci\u00f3n procede la oportunidad en Espa\u00f1a de una ruptura democr\u00e1tica y la apertura de un proceso constituyente republicano que gire en torno a la defensa de la paz, de la soberan\u00eda pol\u00edtica, de los derechos y libertades democr\u00e1ticas y de los intereses m\u00e1s imprescindibles y urgentes de la mayor\u00eda social.<\/p>\n\n\n\n<p>Es indispensable y perentorio, por tanto, organizar desde ya una candidatura electoral de amplia base social, transversal, de agitaci\u00f3n social, que incida de manera positiva sobre los vertiginosos acontecimientos venideros y sepa recoger, tambi\u00e9n en los pr\u00f3ximos comicios, los anhelos de paz y de justicia social que demanda la mayor\u00eda social europea.<\/p>\n\n\n\n<p>Los primeros firmantes de este Manifiesto y los que a continuaci\u00f3n lo suscriben expresan su firme voluntad de trabajar en la promoci\u00f3n de una candidatura electoral para las pr\u00f3ximas elecciones al Parlamento Europeo identificada con el nombre de&nbsp;<strong>\u00a1POR LA PAZ Y LA SOBERAN\u00cdA YA!<\/strong><\/p>\n\n\n\n<p><strong>Lxs lectorxs pueden mostrar su apoyo a este interesante proyecto electoral en construcci\u00f3n dirigi\u00e9ndose al correo institucional&nbsp;<\/strong><a href=\"mailto:porlapazylasoberania@gmail.com\"><strong>porlapazylasoberania@gmail.com<\/strong><\/a><strong><\/strong><\/p>\n\n\n\n<p><strong>120 firmas m\u00e1s:<\/strong><\/p>\n\n\n\n<p><strong>Gustavo Acevedo Gonz\u00e1lez,&nbsp;<\/strong>jubilado.<\/p>\n\n\n\n<p><strong>Florencio Aguado Sanz,&nbsp;<\/strong>exsindicalista de CASA, Parla Obrera y Popular.<\/p>\n\n\n\n<p><strong>Manuel Fernando Albentosa Mart\u00ednez,&nbsp;<\/strong>profesor. presidente de Rep\u00fablica en Marcha, Miembro Ejecutiva Coordinadora del Pa\u00eds Valencia por la Republica<strong>.<\/strong><\/p>\n\n\n\n<p><strong>Mar\u00eda Dolores Alberola Fern\u00e1ndez,&nbsp;<\/strong>psic\u00f3loga y maestra jubilada.<\/p>\n\n\n\n<p><strong>Adela Alc\u00e1zar Gonz\u00e1lez,<\/strong>&nbsp;ge\u00f3grafa, jubilada.<\/p>\n\n\n\n<p><strong>Juanjo Anaya Ruiz,&nbsp;<\/strong>cantautor.<\/p>\n\n\n\n<p><strong>Juan Antonio Aparici Maiques,&nbsp;<\/strong>oficial 1\u00ba construcci\u00f3n.&nbsp;Activista social (organizador grupo activistas&nbsp;<em>Somos el Pueblo.<\/em><\/p>\n\n\n\n<p><strong>Jos\u00e9 Avil\u00e9s Clemente,&nbsp;<\/strong>graduado social. Exgerente de cooperativa; activista social, escritor especializado en econom\u00eda.<\/p>\n\n\n\n<p><strong>Mar\u00eda Jos\u00e9 Avil\u00e9s Marco,&nbsp;<\/strong>gesti\u00f3n sector inmobiliario. Activista social.<\/p>\n\n\n\n<p><strong>Juli\u00e1n Ayala Armas,&nbsp;<\/strong>periodista jubilado, poeta.<\/p>\n\n\n\n<p><strong>Fernando Barredo de Valenzuela-\u00c1lvarez,&nbsp;<\/strong>artista, Pte. Fundaci\u00f3n Democracia Activa. &nbsp;Pte. Circulo de Arte de Toledo. Presidente asociaci\u00f3n ONIR.<\/p>\n\n\n\n<p><strong>V\u00edctor Antonio Bernardo Catocola,&nbsp;<\/strong>Asociaci\u00f3n peruanos en Espa\u00f1a.<\/p>\n\n\n\n<p><strong>Jorge Bethencourt Marante<\/strong>, m\u00e9dico jubilado.<\/p>\n\n\n\n<p><strong>Arturo Borges \u00c1lamo,&nbsp;<\/strong>m\u00e9dico jubilado, secretario de la Asociaci\u00f3n para la defensa de la sanidad p\u00fablica de Canarias.<\/p>\n\n\n\n<p><strong>Mar\u00eda del Pino Borges \u00c1lamo,&nbsp;<\/strong>maestra, jubilada.<\/p>\n\n\n\n<p><strong>Ana Borges Rodr\u00edguez,&nbsp;<\/strong>profesora de ense\u00f1anza secundaria.<\/p>\n\n\n\n<p><strong>Natalia Borrego L\u00f3pez,&nbsp;<\/strong>auxiliar de enfermer\u00eda.<\/p>\n\n\n\n<p><strong>Vanesa Bustos Guimarey,&nbsp;<\/strong>empleada limpieza<strong>.<\/strong><\/p>\n\n\n\n<p><strong>Antol\u00edn Cabrera Gama<\/strong>, trabajador del calzado.<\/p>\n\n\n\n<p><strong>Mar\u00eda Victoria Calvo P\u00e9rez,&nbsp;<\/strong>medica jubilada.<\/p>\n\n\n\n<p><strong>Christian Carmona Liss\u00f3n,&nbsp;Operario.&nbsp;<\/strong>Delegado Sindical CGT Renault Sevilla.<\/p>\n\n\n\n<p><strong>Vitoria Caro Bernal,&nbsp;<\/strong>presidenta de Honor de la Agrupaci\u00f3n Ret\u00f3rica y Elocuencia del Ateneo de Madrid.<\/p>\n\n\n\n<p><strong>Miguel Carrera Garc\u00eda<\/strong>, portavoz del movimiento Nadie Sin Hogarde Sevilla.<\/p>\n\n\n\n<p><strong>Bernat Castany Prado,&nbsp;<\/strong>Doctor de Filosof\u00eda de la Historia, Ateneo de Barcelona.<\/p>\n\n\n\n<p><strong>Gladys Cerna D\u00e1vila.&nbsp;&nbsp;<\/strong>PAH, plataforma de afectados por la Hipoteca.<\/p>\n\n\n\n<p><strong>Albert Cipr\u00e9s Palau,&nbsp;<\/strong>jardinero<\/p>\n\n\n\n<p><strong>Lluis Cipr\u00e9s Paltr\u00e9,&nbsp;<\/strong>psiquiatra, jubilado. Activista social y organizador de Mareas Blancas de Catalu\u00f1a.<\/p>\n\n\n\n<p><strong>Aron Cohen,&nbsp;<\/strong>catedr\u00e1tico de la Universidad jubilado.<\/p>\n\n\n\n<p><strong>Dolores Colomina Cruz<\/strong>, jubilada.<\/p>\n\n\n\n<p><strong>Yolanda Cortizar S\u00e1nchez<\/strong>, &nbsp;administrativa.<\/p>\n\n\n\n<p><strong>Juli\u00e1n Cudero Hern\u00e1ndez<\/strong>, sindicalista.<\/p>\n\n\n\n<p><strong>\u00c1ngel Culebras P\u00e9rez<\/strong>, Catedr\u00e1tico de F\u00edsica y Qu\u00edmica de Instituto, jubilado.<\/p>\n\n\n\n<p><strong>Guillermo de la Barreda L\u00f3pez<\/strong>, m\u00e9dico jubilado, Presidente de la Asociaci\u00f3n para la Defensa de la Sanidad P\u00fablica de Canarias.<\/p>\n\n\n\n<p><strong>F\u00e9lix Diez Santos,\u00a0\u00a0<\/strong>Dise\u00f1ador Gr\u00e1fico.<strong>\u00a0<\/strong>Director de la Uni\u00f3n del Pueblo.<\/p>\n\n\n\n<p><strong>Luis Egberto Escudero Garc\u00eda<\/strong>, Licenciado en paro.<\/p>\n\n\n\n<p><strong>Mar\u00eda de los Reyes Espinosa Ruiz,&nbsp;<\/strong>aparadora del calzado. Activista Social.<\/p>\n\n\n\n<p><strong>Jos\u00e9 Espinosa Losa,&nbsp;<\/strong>expreso pol\u00edtico antifranquista. Madrid.<\/p>\n\n\n\n<p><strong>Mar\u00eda Luisa Escolar Moyano,&nbsp;<\/strong>presidenta de la Asociaci\u00f3n de V\u00edctimas del Franquismo. Madrid.<\/p>\n\n\n\n<p><strong>Mar\u00eda del Carmen Exp\u00f3sito Sosa,&nbsp;<\/strong>jubilada.<\/p>\n\n\n\n<p><strong>Juan Fernandez Vergara,&nbsp;&nbsp;<\/strong>soci\u00f3logo. Catalu\u00f1a.<\/p>\n\n\n\n<p><strong>Dolores Fern\u00e1ndez Ruiz,&nbsp;<\/strong>jubilada.<\/p>\n\n\n\n<p><strong>Pilar Ferreiro Rodr\u00edguez<\/strong>, Jubilada, Cuerpo Superior de Gesti\u00f3n de Administraci\u00f3n General.<\/p>\n\n\n\n<p><strong>Oscar Fco. Chamorro,&nbsp;<\/strong>agricultor de Cabezuela del Valle de Extremadura.<\/p>\n\n\n\n<p><strong>Fernando Francisco Serrano,&nbsp;<\/strong>conductor jubilado.<\/p>\n\n\n\n<p><strong>Mar\u00eda Josefa Francisco Serrano,&nbsp;<\/strong>administrativa, jubilada.<\/p>\n\n\n\n<p><strong>Jesica Gallardo Manch\u00f3n,&nbsp;<\/strong>organizadora de eventos. Activista social en movimiento juvenil y de la mujer.<\/p>\n\n\n\n<p><strong>Rafael Gallardo Rodrigo,&nbsp;<\/strong>exsecretario Gral. Fdci\u00f3n. Minero Mtlgica CCOO PV.<\/p>\n\n\n\n<p><strong>Manuel Garc\u00eda Rafart<\/strong>, jubilado.<\/p>\n\n\n\n<p><strong>H\u00e9ctor Garc\u00eda Busto<\/strong>, t\u00e9cnico en cuidados auxiliares de enfermer\u00eda.<\/p>\n\n\n\n<p><strong>Irina Jova Davidenko<\/strong>, actriz y escritora.<\/p>\n\n\n\n<p><strong>Nora Margarita Garc\u00eda Hurtado, &nbsp;<\/strong>coordinadora ley de dependencia. Activistas social y luchadora contra los desahucios.<\/p>\n\n\n\n<p><strong>Alejandro Garc\u00eda Mu\u00f1oz.&nbsp;<\/strong>Arquitecto.<\/p>\n\n\n\n<p><strong>Jonathan Garc\u00eda Romero, abogado.<\/strong><\/p>\n\n\n\n<p><strong>Carmen Garc\u00eda Ruiz,&nbsp;<\/strong>jubilada.<\/p>\n\n\n\n<p><strong>Flori Gland\u00fa,&nbsp;<\/strong>economista.<\/p>\n\n\n\n<p><strong>Antonio G\u00f3mez Curiel,&nbsp;<\/strong>jubilado.<\/p>\n\n\n\n<p><strong>Ildefonso G\u00f3mez Mart\u00ednez,&nbsp;<\/strong>abogado, Presidente de la Asociaci\u00f3n de V\u00edctimas del franquismo.<\/p>\n\n\n\n<p><strong>Monserrat Gonz\u00e1lez Lugo,&nbsp;<\/strong>trabajadora social y feminista.<\/p>\n\n\n\n<p><strong>Emilio Guerrero Alfonso,&nbsp;<\/strong>concejal ayuntamiento Otos.<\/p>\n\n\n\n<p><strong>Mar\u00eda del Carmen Herrera Valladolid,&nbsp;<\/strong>m\u00e9dica jubilada.<\/p>\n\n\n\n<p><strong>Amparo Hern\u00e1ndez Chicote,&nbsp;<\/strong>limpiadora, jubilada.<\/p>\n\n\n\n<p><strong>Victoria Ia\u00f1ez Ruano,&nbsp;<\/strong>t\u00e9cnica auxiliar de enfermer\u00eda.<\/p>\n\n\n\n<p><strong>Miguel Jim\u00e9nez Montoro, &nbsp;<\/strong>fontanero.<\/p>\n\n\n\n<p><strong>Mar\u00eda \u00c1ngeles Jim\u00e9nez Pino<\/strong>, trabajadora del SAS.<\/p>\n\n\n\n<p><strong>Elisabet Cristina Lebrument Garc\u00eda,&nbsp;<\/strong>funcionaria.<\/p>\n\n\n\n<p><strong>Enrique Labella Onieva,&nbsp;<\/strong>abogado.<\/p>\n\n\n\n<p><strong>Diego Le\u00f3n Socorro,&nbsp;<\/strong>abogado.<\/p>\n\n\n\n<p><strong>Juan Li\u00f1\u00e1n Mart\u00edn,&nbsp;<\/strong>carpintero ebanista, jubilado.<\/p>\n\n\n\n<p><strong>Alejandro Llombet Ayala,&nbsp;<\/strong>estudiante.<\/p>\n\n\n\n<p><strong>Jose Luna Torres<\/strong>, empresario<\/p>\n\n\n\n<p><strong>Bienvenida Manch\u00f3n Mart\u00ednez,&nbsp;<\/strong>aparadora de calzado.<\/p>\n\n\n\n<p><strong>Mar\u00eda Marco Egea,&nbsp;<\/strong>administrativa. Divulgadora en redes de Republica en Marcha.<\/p>\n\n\n\n<p><strong>\u00c1lvaro Margues Hijazo,&nbsp;<\/strong>artista digital.<\/p>\n\n\n\n<p><strong>Carlos Mart\u00ednez Garc\u00eda<\/strong>, polit\u00f3logo, expresidente de ATAC-Espa\u00f1a.<\/p>\n\n\n\n<p><strong>Luz Madro\u00f1o Garc\u00eda,&nbsp;<\/strong>psic\u00f3loga, expresidenta del Centro Unesco. Madrid<\/p>\n\n\n\n<p><strong>Julio Mallent Alegre,&nbsp;<\/strong>funci\u00f3n p\u00fablica, jubilado.<\/p>\n\n\n\n<p><strong>Carlos Magari\u00f1o Rojas,&nbsp;<\/strong>trabajador p\u00fablico laboral del Estado.<\/p>\n\n\n\n<p><strong>David Mart\u00edn,&nbsp;<\/strong>presidente de la Asociaci\u00f3n de Productores de cereza del norte de<\/p>\n\n\n\n<p>Extremadura.<\/p>\n\n\n\n<p><strong>Juan Mart\u00edn Vega Chema Tante,&nbsp;<\/strong>editor revista \u201cLa casa de mi t\u00eda\u201d.<\/p>\n\n\n\n<p><strong>Manuel Mart\u00ednez Manch\u00f3n,&nbsp;<\/strong>construcci\u00f3n.<\/p>\n\n\n\n<p><strong>Roque Mart\u00ednez Manch\u00f3n,&nbsp;<\/strong>fontanero.<\/p>\n\n\n\n<p><strong>Miguel Medina Fern\u00e1ndez-Aceytuno,&nbsp;<\/strong>abogado, miembro del consejo de redacci\u00f3n de Hojas de Debate.<\/p>\n\n\n\n<p><strong>Ra\u00fal Medina Manch\u00f3n,&nbsp;<\/strong>alba\u00f1il.<\/p>\n\n\n\n<p><strong>Juan Ram\u00f3n Medina Ortega,&nbsp;<\/strong>pensionista.<\/p>\n\n\n\n<p><strong>Alexis Medina V\u00e1zquez,&nbsp;<\/strong>abogado.<\/p>\n\n\n\n<p><strong>Jos\u00e9 Molina Ram\u00edrez,&nbsp;<\/strong>maestro jubilado.<\/p>\n\n\n\n<p><strong>Julio Cesar Morales Montedeoca<\/strong>, docente.<\/p>\n\n\n\n<p><strong>Eusebio Moreno Miron,&nbsp;<\/strong>comercial, representante de ATTAC en Marchas Dignidad Alicante, miembro de la direcci\u00f3n de la Coordinadora por la Rep\u00fablica del Pa\u00eds Valenciano.<\/p>\n\n\n\n<p><strong>David Moure Bargo,&nbsp;<\/strong>guardia de seguridad.<\/p>\n\n\n\n<p><strong>Antonio Moya S\u00e1nchez,&nbsp;<\/strong>funcionario, jubilado.<\/p>\n\n\n\n<p><strong>Josefa Mu\u00f1oz Ant\u00f3n<\/strong>, sindicalista.<\/p>\n\n\n\n<p><strong>Eva Pagnussatt Mart\u00ednez,&nbsp;<\/strong>profesora.<\/p>\n\n\n\n<p><strong>Jos\u00e9 Parrilla Manrubia<\/strong>, alba\u00f1il, jubilado.<\/p>\n\n\n\n<p><strong>Gustavo Paul Carrasco Juna,&nbsp;<\/strong>miembro de ONG de ayuda inmigrantes.<\/p>\n\n\n\n<p><strong>Juan P\u00e9rez Arroyo,&nbsp;<\/strong>tip\u00f3grafo.<\/p>\n\n\n\n<p><strong>\u00d3scar P\u00e9rez Nevado,&nbsp;&nbsp;<\/strong>trabajador sanitario.<\/p>\n\n\n\n<p><strong>Jos\u00e9 Ram\u00f3n P\u00e9rez Mel\u00e9ndez,&nbsp;<\/strong>abogado laboralista.<\/p>\n\n\n\n<p><strong>Joaqu\u00edn P\u00e9rez Prados,&nbsp;<\/strong>maestro, escritor y jubilado.<\/p>\n\n\n\n<p><strong>Sergio Pinilla Nahuel,&nbsp;<\/strong>t\u00e9cnico Inform\u00e1tico.<\/p>\n\n\n\n<p><strong>Antol\u00edn Pulido V\u00e1zquez, &nbsp;<\/strong>cooperante Brigadista Internacional, escritor, locutor y activista social.<\/p>\n\n\n\n<p><strong>Jos\u00e9 Mar\u00eda Recover Sanz,<\/strong>&nbsp;electro-mec\u00e1nico, jubilado.<\/p>\n\n\n\n<p><strong>Jos\u00e9 Manuel Rivero P\u00e9rez,&nbsp;<\/strong>abogado.<\/p>\n\n\n\n<p><strong>Mar\u00eda Alicia Rodr\u00edguez Casanova<\/strong>, auxiliar de enfermer\u00eda, jubilada.<\/p>\n\n\n\n<p><strong>Ferm\u00edn Rodr\u00edguez Castro<\/strong>, profesor de Filosof\u00eda. Madrid.<\/p>\n\n\n\n<p><strong>Jes\u00fas Rodr\u00edguez Junco,&nbsp;<\/strong>jubilado.<\/p>\n\n\n\n<p><strong>Marta Rodr\u00edguez Junco,&nbsp;<\/strong>jubilada.<\/p>\n\n\n\n<p><strong>Francisco Rodr\u00edguez Pulido,&nbsp;<\/strong>m\u00e9dico psiquiatra.<\/p>\n\n\n\n<p><strong>Matilde Ruiz P\u00e9rez,&nbsp;<\/strong>empleada hosteler\u00eda y activista social.<\/p>\n\n\n\n<p><strong>Antonio Ruiz Serrano,&nbsp;&nbsp;<\/strong>presidente de Escritos Socialistas. Catalu\u00f1a.<\/p>\n\n\n\n<p><strong>Miguel Sagaseta de Ilurdoz Cortadellas,&nbsp;<\/strong>ingeniero industrial.<\/p>\n\n\n\n<p><strong>Luz Divina S\u00e1nchez Colmenera, &nbsp;<\/strong>funcionaria Ministerio Agricultura, jubilada.<\/p>\n\n\n\n<p><strong>\u00c1ngel S\u00e1nchez Rivero,&nbsp;<\/strong>escritor, Premio Canarias de Literatura.<\/p>\n\n\n\n<p><strong>Fernando Sena Trivi\u00f1o<\/strong>, abogado.<\/p>\n\n\n\n<p><strong>Ricardo Jes\u00fas Senovilla Rodr\u00edguez,&nbsp;<\/strong>repuestos autom\u00f3vil.<\/p>\n\n\n\n<p><strong>Juli\u00e1n Soriano Fuentes,&nbsp;<\/strong>fabricaci\u00f3n de redes.<\/p>\n\n\n\n<p><strong>Julio Tapia Yagues.&nbsp;<\/strong>Periodista, Panafricanista.<\/p>\n\n\n\n<p><strong>Jos\u00e9 Mar\u00eda Torres P\u00e9rez,&nbsp;<\/strong>arquitecto-urbanista, jubilado.<\/p>\n\n\n\n<p><strong>Carlos Usanos L\u00f3pez<\/strong>, jubilado.<\/p>\n\n\n\n<p><strong>Luis Vega Domingo,&nbsp;<\/strong>Presidente de AMAL. Ateos y Librepensadores, Madrid.<\/p>\n\n\n\n<p><strong>Agust\u00edn Velloso Sanyisteban<\/strong>, profesor de universidad, jubilado.<\/p>\n\n\n\n<p><strong>Juan Viera Ben\u00edtez<\/strong>, activista pol\u00edtico y sindical. Profesor de Ense\u00f1anza Media (jubilado).De la direcci\u00f3n del movimiento Extremadura Digna. Badajoz.<\/p>\n\n\n\n<p><strong>\u00c1ngel Villagra Rubio<\/strong>, jubilado.<\/p>\n\n\n\n<p>Notas<\/p>\n\n\n\n<figure class=\"wp-block-table\"><table><tbody><tr><th><a>\u21e71<\/a><\/th><td><strong>Antonio Aguado Su\u00e1rez,<\/strong>&nbsp;militante antifranquista, reorganizador en la clandestinidad del sindicato UGT en Canarias. Camarero de profesi\u00f3n. Fue concejal en el Ayuntamiento de Las Palmas y en la actualidad pertenece a la Fundaci\u00f3n Juan Negr\u00edn. Militante del movimiento obrero y sindical.<\/td><\/tr><tr><th><a>\u21e72<\/a><\/th><td><strong>Jos\u00e9 Mar\u00eda Alfaya Gonz\u00e1lez<\/strong>, Director del Centro Cultural Espa\u00f1ol en Fez (Marruecos) de 1976 a 1983. Socio de la Asociaci\u00f3n de Gestores y T\u00e9cnicos Culturales de la Comunidad de Madrid, colaborador de Mundo Obrero, Hojas de Debate y de Cuba Informaci\u00f3n.tv. funcionario municipal, gestor cultural.<\/td><\/tr><tr><th><a>\u21e73<\/a><\/th><td><strong>Floren Dimas Balsalobre,<\/strong>&nbsp;Asociaci\u00f3n para la&nbsp;Memoria Militar Democr\u00e1tica (AMMD). Cofundador de la asociaci\u00f3n memorial\u00edstica AMIGOS DE LOS&nbsp;CAIDOS POR LA LIBERTAD. Miembro de AGE (Archivo Guerra Civil y Exilio). Premio Manuel Aza\u00f1a a la lealtad republicana 2004. Investigador hist\u00f3rico y conferenciante internacional.<\/td><\/tr><tr><th><a>\u21e74<\/a><\/th><td><strong>El Hahakeh Garc\u00eda,<\/strong>&nbsp;Comit\u00e9 de Direcci\u00f3n de Escritos Socialistas, revista del Centro de Estudios y Debates de la Izquierda en Catalu\u00f1a. Funcionario de la Administraci\u00f3n General del Estado. Profesor Adscrito a la C\u00e1tedra de Pol\u00edtica Internacional. Tesorero y Secretario General del Centro euro-Arabe de Catalu\u00f1a(2005-2008).<\/td><\/tr><tr><th><a>\u21e75<\/a><\/th><td><strong>Jos\u00e9 Mart\u00ednez Ramos,<\/strong>&nbsp;Agricultor de profesi\u00f3n y sindicalista. Fue concejal del Ayuntamiento de Ribera del Fresno Badajoz. Diputado provincial de 1986 a 1998.<\/td><\/tr><tr><th><a>\u21e76<\/a><\/th><td><strong>Agust\u00edn Millares Cantero<\/strong>, profesor titular jubilado de la ULPGC y luchador antifranquista. Historiador y poeta.<\/td><\/tr><tr><th><a>\u21e77<\/a><\/th><td><strong>Manuel Pardo de Donleb\u00fan Montesino,<\/strong>&nbsp;Ingeniero Hidr\u00f3grafo (Retirado). Presidente de la&nbsp;<em>Asociaci\u00f3n<\/em>&nbsp;<em>por la Memoria Militar Democr\u00e1tica<\/em>. Y miembro de&nbsp;asociaci\u00f3n&nbsp;<em>Frente Antiimperialista Internacionalista<\/em>.<\/td><\/tr><\/tbody><\/table><\/figure>\n","protected":false},"excerpt":{"rendered":"<p>&nbsp;11 de abril de 2024&nbsp;&nbsp;\u00a1Por la Paz y la Soberan\u00eda ya!&nbsp;&nbsp;4 Comentarios MANIFIESTO PARA LA PROMOCI\u00d3N DE UNA CANDIDATURA ELECTORAL \u201c\u00a1POR LA PAZ Y LA SOBERAN\u00cdA YA!\u201d&nbsp;A LAS PR\u00d3XIMAS ELECCIONES AL PARLAMENTO EUROPEO. Antonio Aguado Su\u00e1rez, uno de los fundadores del sindicato de hosteler\u00eda de las Trade Unions en Gran Breta\u00f1a.&nbsp;[1]&nbsp;Rosa Albert Berlanga,&nbsp;funcionaria.&nbsp;Jos\u00e9 Mar\u00eda Alfaya Gonz\u00e1lez,&nbsp;cantautor.&nbsp;[2]&nbsp;Floren Dimas Balsalobre,&nbsp;Oficial del Ej\u00e9rcito del Aire (Rt)&nbsp;[3]&nbsp;Omar El Hahakeh Garc\u00eda, Licenciado en relaciones internacionales y Derecho ambiental.&nbsp;[4]&nbsp;Jos\u00e9 Mart\u00ednez Ramos, Exvicepresidente de la Diputaci\u00f3n Provincial de Badajoz.&nbsp;[5]&nbsp;Agust\u00edn Millares Cantero,&nbsp;Hijo Predilecto de la ciudad de Las Palmas de Gran Canaria.&nbsp;[6]&nbsp;&nbsp;Manuel Pardo de Donleb\u00fan Montesino,&nbsp;Capit\u00e1n de Nav\u00edo de la Armada.&nbsp;[7]&nbsp;Manuel Sogas Coetano,&nbsp;Exjefe Analista Qu\u00edmico del Parque de Artiller\u00eda de Zaragoza, jubilado. Al t\u00e9rmino del texto constan 110 firmas m\u00e1s de apoyo por orden alfab\u00e9tico. Texto: El fascismo, el viejo y el nuevo, principal enemigo de la democracia, se nutre del belicismo y la guerra que promueve el imperialismo en todo el mundo. Luchar por la paz es luchar por la democracia, es luchar contra el fascismo, es tambi\u00e9n combatir al imperialismo. En la actualidad, son m\u00faltiples los conflictos b\u00e9licos en desarrollo en el mundo. En Europa, la guerra en Ucrania, provocada por los Estados Unidos, la OTAN y la UE contra Rusia, ha arrastrado a la Uni\u00f3n Europea a inversiones militares millonarias que detraen inversiones y gastos sociales, agudizan la dependencia energ\u00e9tica y tecnol\u00f3gica, empujan una subida general de precios y amenazan una recesi\u00f3n econ\u00f3mica y social generalizada. M\u00e1s tarde, desde el 7 de octubre pasado, tras &#8230; <a title=\"\u00a1POR LA PAZ Y LA SOBERAN\u00cdA YA!\" class=\"read-more\" href=\"https:\/\/porlapazylasoberaniaya.es\/index.php\/2024\/04\/17\/por-la-paz-y-la-soberania-ya\/\" aria-label=\"Leer m\u00e1s sobre \u00a1POR LA PAZ Y LA SOBERAN\u00cdA YA!\">Leer m\u00e1s<\/a><\/p>\n","protected":false},"author":1,"featured_media":1031,"comment_status":"open","ping_status":"open","sticky":false,"template":"","format":"standard","meta":{"footnotes":""},"categories":[21],"tags":[],"class_list":["post-2471","post","type-post","status-publish","format-standard","has-post-thumbnail","hentry","category-politica","generate-columns","tablet-grid-50","mobile-grid-100","grid-parent","grid-33"],"yoast_head":"<!-- This site is optimized with the Yoast SEO plugin v22.4 - https:\/\/yoast.com\/wordpress\/plugins\/seo\/ -->\n<title>\u00a1POR LA PAZ Y LA SOBERAN\u00cdA YA! - \u00a1POR LA PAZ Y LA SOBERAN\u00cdA YA!<\/title>\n<meta name=\"robots\" content=\"index, follow, max-snippet:-1, max-image-preview:large, max-video-preview:-1\" \/>\n<link rel=\"canonical\" href=\"https:\/\/porlapazylasoberaniaya.es\/index.php\/2024\/04\/17\/por-la-paz-y-la-soberania-ya\/\" \/>\n<meta property=\"og:locale\" content=\"es_ES\" \/>\n<meta property=\"og:type\" content=\"article\" \/>\n<meta property=\"og:title\" content=\"\u00a1POR LA PAZ Y LA SOBERAN\u00cdA YA! - \u00a1POR LA PAZ Y LA SOBERAN\u00cdA YA!\" \/>\n<meta property=\"og:description\" content=\"&nbsp;11 de abril de 2024&nbsp;&nbsp;\u00a1Por la Paz y la Soberan\u00eda ya!&nbsp;&nbsp;4 Comentarios MANIFIESTO PARA LA PROMOCI\u00d3N DE UNA CANDIDATURA ELECTORAL \u201c\u00a1POR LA PAZ Y LA SOBERAN\u00cdA YA!\u201d&nbsp;A LAS PR\u00d3XIMAS ELECCIONES AL PARLAMENTO EUROPEO. Antonio Aguado Su\u00e1rez, uno de los fundadores del sindicato de hosteler\u00eda de las Trade Unions en Gran Breta\u00f1a.&nbsp;[1]&nbsp;Rosa Albert Berlanga,&nbsp;funcionaria.&nbsp;Jos\u00e9 Mar\u00eda Alfaya Gonz\u00e1lez,&nbsp;cantautor.&nbsp;[2]&nbsp;Floren Dimas Balsalobre,&nbsp;Oficial del Ej\u00e9rcito del Aire (Rt)&nbsp;[3]&nbsp;Omar El Hahakeh Garc\u00eda, Licenciado en relaciones internacionales y Derecho ambiental.&nbsp;[4]&nbsp;Jos\u00e9 Mart\u00ednez Ramos, Exvicepresidente de la Diputaci\u00f3n Provincial de Badajoz.&nbsp;[5]&nbsp;Agust\u00edn Millares Cantero,&nbsp;Hijo Predilecto de la ciudad de Las Palmas de Gran Canaria.&nbsp;[6]&nbsp;&nbsp;Manuel Pardo de Donleb\u00fan Montesino,&nbsp;Capit\u00e1n de Nav\u00edo de la Armada.&nbsp;[7]&nbsp;Manuel Sogas Coetano,&nbsp;Exjefe Analista Qu\u00edmico del Parque de Artiller\u00eda de Zaragoza, jubilado. Al t\u00e9rmino del texto constan 110 firmas m\u00e1s de apoyo por orden alfab\u00e9tico. Texto: El fascismo, el viejo y el nuevo, principal enemigo de la democracia, se nutre del belicismo y la guerra que promueve el imperialismo en todo el mundo. Luchar por la paz es luchar por la democracia, es luchar contra el fascismo, es tambi\u00e9n combatir al imperialismo. En la actualidad, son m\u00faltiples los conflictos b\u00e9licos en desarrollo en el mundo. En Europa, la guerra en Ucrania, provocada por los Estados Unidos, la OTAN y la UE contra Rusia, ha arrastrado a la Uni\u00f3n Europea a inversiones militares millonarias que detraen inversiones y gastos sociales, agudizan la dependencia energ\u00e9tica y tecnol\u00f3gica, empujan una subida general de precios y amenazan una recesi\u00f3n econ\u00f3mica y social generalizada. M\u00e1s tarde, desde el 7 de octubre pasado, tras ... Leer m\u00e1s\" \/>\n<meta property=\"og:url\" content=\"https:\/\/porlapazylasoberaniaya.es\/index.php\/2024\/04\/17\/por-la-paz-y-la-soberania-ya\/\" \/>\n<meta property=\"og:site_name\" content=\"\u00a1POR LA PAZ Y LA SOBERAN\u00cdA YA!\" \/>\n<meta property=\"article:published_time\" content=\"2024-04-17T20:28:39+00:00\" \/>\n<meta property=\"article:modified_time\" content=\"2024-04-17T22:12:12+00:00\" \/>\n<meta property=\"og:image\" content=\"https:\/\/porlapazylasoberaniaya.es\/wp-content\/uploads\/2024\/04\/porlapazya.png\" \/>\n\t<meta property=\"og:image:width\" content=\"851\" \/>\n\t<meta property=\"og:image:height\" content=\"315\" \/>\n\t<meta property=\"og:image:type\" content=\"image\/png\" \/>\n<meta name=\"author\" content=\"pazysoberania\" \/>\n<meta name=\"twitter:card\" content=\"summary_large_image\" \/>\n<meta name=\"twitter:label1\" content=\"Escrito por\" \/>\n\t<meta name=\"twitter:data1\" content=\"pazysoberania\" \/>\n\t<meta name=\"twitter:label2\" content=\"Tiempo de lectura\" \/>\n\t<meta name=\"twitter:data2\" content=\"13 minutos\" \/>\n<script type=\"application\/ld+json\" class=\"yoast-schema-graph\">{\"@context\":\"https:\/\/schema.org\",\"@graph\":[{\"@type\":\"Article\",\"@id\":\"https:\/\/porlapazylasoberaniaya.es\/index.php\/2024\/04\/17\/por-la-paz-y-la-soberania-ya\/#article\",\"isPartOf\":{\"@id\":\"https:\/\/porlapazylasoberaniaya.es\/index.php\/2024\/04\/17\/por-la-paz-y-la-soberania-ya\/\"},\"author\":{\"name\":\"pazysoberania\",\"@id\":\"https:\/\/porlapazylasoberaniaya.es\/#\/schema\/person\/ac816b6f005183e80dae6f7b1d7a2504\"},\"headline\":\"\u00a1POR LA PAZ Y LA SOBERAN\u00cdA YA!\",\"datePublished\":\"2024-04-17T20:28:39+00:00\",\"dateModified\":\"2024-04-17T22:12:12+00:00\",\"mainEntityOfPage\":{\"@id\":\"https:\/\/porlapazylasoberaniaya.es\/index.php\/2024\/04\/17\/por-la-paz-y-la-soberania-ya\/\"},\"wordCount\":3123,\"commentCount\":0,\"publisher\":{\"@id\":\"https:\/\/porlapazylasoberaniaya.es\/#organization\"},\"image\":{\"@id\":\"https:\/\/porlapazylasoberaniaya.es\/index.php\/2024\/04\/17\/por-la-paz-y-la-soberania-ya\/#primaryimage\"},\"thumbnailUrl\":\"https:\/\/porlapazylasoberaniaya.es\/wp-content\/uploads\/2024\/04\/porlapazya.png\",\"articleSection\":[\"Pol\u00edtica\"],\"inLanguage\":\"es\",\"potentialAction\":[{\"@type\":\"CommentAction\",\"name\":\"Comment\",\"target\":[\"https:\/\/porlapazylasoberaniaya.es\/index.php\/2024\/04\/17\/por-la-paz-y-la-soberania-ya\/#respond\"]}]},{\"@type\":\"WebPage\",\"@id\":\"https:\/\/porlapazylasoberaniaya.es\/index.php\/2024\/04\/17\/por-la-paz-y-la-soberania-ya\/\",\"url\":\"https:\/\/porlapazylasoberaniaya.es\/index.php\/2024\/04\/17\/por-la-paz-y-la-soberania-ya\/\",\"name\":\"\u00a1POR LA PAZ Y LA SOBERAN\u00cdA YA! - \u00a1POR LA PAZ Y LA SOBERAN\u00cdA YA!\",\"isPartOf\":{\"@id\":\"https:\/\/porlapazylasoberaniaya.es\/#website\"},\"primaryImageOfPage\":{\"@id\":\"https:\/\/porlapazylasoberaniaya.es\/index.php\/2024\/04\/17\/por-la-paz-y-la-soberania-ya\/#primaryimage\"},\"image\":{\"@id\":\"https:\/\/porlapazylasoberaniaya.es\/index.php\/2024\/04\/17\/por-la-paz-y-la-soberania-ya\/#primaryimage\"},\"thumbnailUrl\":\"https:\/\/porlapazylasoberaniaya.es\/wp-content\/uploads\/2024\/04\/porlapazya.png\",\"datePublished\":\"2024-04-17T20:28:39+00:00\",\"dateModified\":\"2024-04-17T22:12:12+00:00\",\"breadcrumb\":{\"@id\":\"https:\/\/porlapazylasoberaniaya.es\/index.php\/2024\/04\/17\/por-la-paz-y-la-soberania-ya\/#breadcrumb\"},\"inLanguage\":\"es\",\"potentialAction\":[{\"@type\":\"ReadAction\",\"target\":[\"https:\/\/porlapazylasoberaniaya.es\/index.php\/2024\/04\/17\/por-la-paz-y-la-soberania-ya\/\"]}]},{\"@type\":\"ImageObject\",\"inLanguage\":\"es\",\"@id\":\"https:\/\/porlapazylasoberaniaya.es\/index.php\/2024\/04\/17\/por-la-paz-y-la-soberania-ya\/#primaryimage\",\"url\":\"https:\/\/porlapazylasoberaniaya.es\/wp-content\/uploads\/2024\/04\/porlapazya.png\",\"contentUrl\":\"https:\/\/porlapazylasoberaniaya.es\/wp-content\/uploads\/2024\/04\/porlapazya.png\",\"width\":851,\"height\":315},{\"@type\":\"BreadcrumbList\",\"@id\":\"https:\/\/porlapazylasoberaniaya.es\/index.php\/2024\/04\/17\/por-la-paz-y-la-soberania-ya\/#breadcrumb\",\"itemListElement\":[{\"@type\":\"ListItem\",\"position\":1,\"name\":\"Portada\",\"item\":\"https:\/\/porlapazylasoberaniaya.es\/\"},{\"@type\":\"ListItem\",\"position\":2,\"name\":\"\u00a1POR LA PAZ Y LA SOBERAN\u00cdA YA!\"}]},{\"@type\":\"WebSite\",\"@id\":\"https:\/\/porlapazylasoberaniaya.es\/#website\",\"url\":\"https:\/\/porlapazylasoberaniaya.es\/\",\"name\":\"\u00a1POR LA PAZ Y LA SOBERAN\u00cdA YA!\",\"description\":\"\",\"publisher\":{\"@id\":\"https:\/\/porlapazylasoberaniaya.es\/#organization\"},\"potentialAction\":[{\"@type\":\"SearchAction\",\"target\":{\"@type\":\"EntryPoint\",\"urlTemplate\":\"https:\/\/porlapazylasoberaniaya.es\/?s={search_term_string}\"},\"query-input\":\"required name=search_term_string\"}],\"inLanguage\":\"es\"},{\"@type\":\"Organization\",\"@id\":\"https:\/\/porlapazylasoberaniaya.es\/#organization\",\"name\":\"\u00a1POR LA PAZ Y LA SOBERAN\u00cdA YA!\",\"url\":\"https:\/\/porlapazylasoberaniaya.es\/\",\"logo\":{\"@type\":\"ImageObject\",\"inLanguage\":\"es\",\"@id\":\"https:\/\/porlapazylasoberaniaya.es\/#\/schema\/logo\/image\/\",\"url\":\"https:\/\/porlapazylasoberaniaya.es\/wp-content\/uploads\/2024\/04\/porlapazya.png\",\"contentUrl\":\"https:\/\/porlapazylasoberaniaya.es\/wp-content\/uploads\/2024\/04\/porlapazya.png\",\"width\":851,\"height\":315,\"caption\":\"\u00a1POR LA PAZ Y LA SOBERAN\u00cdA YA!\"},\"image\":{\"@id\":\"https:\/\/porlapazylasoberaniaya.es\/#\/schema\/logo\/image\/\"}},{\"@type\":\"Person\",\"@id\":\"https:\/\/porlapazylasoberaniaya.es\/#\/schema\/person\/ac816b6f005183e80dae6f7b1d7a2504\",\"name\":\"pazysoberania\",\"image\":{\"@type\":\"ImageObject\",\"inLanguage\":\"es\",\"@id\":\"https:\/\/porlapazylasoberaniaya.es\/#\/schema\/person\/image\/\",\"url\":\"https:\/\/secure.gravatar.com\/avatar\/a19184a68ca36c38e1904d46cc1a8e55f3152df327884029643e7fb495cde320?s=96&d=mm&r=g\",\"contentUrl\":\"https:\/\/secure.gravatar.com\/avatar\/a19184a68ca36c38e1904d46cc1a8e55f3152df327884029643e7fb495cde320?s=96&d=mm&r=g\",\"caption\":\"pazysoberania\"},\"sameAs\":[\"https:\/\/porlapazylasoberaniaya.es\"],\"url\":\"https:\/\/porlapazylasoberaniaya.es\/index.php\/author\/pazysoberania\/\"}]}<\/script>\n<!-- \/ Yoast SEO plugin. -->","yoast_head_json":{"title":"\u00a1POR LA PAZ Y LA SOBERAN\u00cdA YA! - \u00a1POR LA PAZ Y LA SOBERAN\u00cdA YA!","robots":{"index":"index","follow":"follow","max-snippet":"max-snippet:-1","max-image-preview":"max-image-preview:large","max-video-preview":"max-video-preview:-1"},"canonical":"https:\/\/porlapazylasoberaniaya.es\/index.php\/2024\/04\/17\/por-la-paz-y-la-soberania-ya\/","og_locale":"es_ES","og_type":"article","og_title":"\u00a1POR LA PAZ Y LA SOBERAN\u00cdA YA! - \u00a1POR LA PAZ Y LA SOBERAN\u00cdA YA!","og_description":"&nbsp;11 de abril de 2024&nbsp;&nbsp;\u00a1Por la Paz y la Soberan\u00eda ya!&nbsp;&nbsp;4 Comentarios MANIFIESTO PARA LA PROMOCI\u00d3N DE UNA CANDIDATURA ELECTORAL \u201c\u00a1POR LA PAZ Y LA SOBERAN\u00cdA YA!\u201d&nbsp;A LAS PR\u00d3XIMAS ELECCIONES AL PARLAMENTO EUROPEO. Antonio Aguado Su\u00e1rez, uno de los fundadores del sindicato de hosteler\u00eda de las Trade Unions en Gran Breta\u00f1a.&nbsp;[1]&nbsp;Rosa Albert Berlanga,&nbsp;funcionaria.&nbsp;Jos\u00e9 Mar\u00eda Alfaya Gonz\u00e1lez,&nbsp;cantautor.&nbsp;[2]&nbsp;Floren Dimas Balsalobre,&nbsp;Oficial del Ej\u00e9rcito del Aire (Rt)&nbsp;[3]&nbsp;Omar El Hahakeh Garc\u00eda, Licenciado en relaciones internacionales y Derecho ambiental.&nbsp;[4]&nbsp;Jos\u00e9 Mart\u00ednez Ramos, Exvicepresidente de la Diputaci\u00f3n Provincial de Badajoz.&nbsp;[5]&nbsp;Agust\u00edn Millares Cantero,&nbsp;Hijo Predilecto de la ciudad de Las Palmas de Gran Canaria.&nbsp;[6]&nbsp;&nbsp;Manuel Pardo de Donleb\u00fan Montesino,&nbsp;Capit\u00e1n de Nav\u00edo de la Armada.&nbsp;[7]&nbsp;Manuel Sogas Coetano,&nbsp;Exjefe Analista Qu\u00edmico del Parque de Artiller\u00eda de Zaragoza, jubilado. Al t\u00e9rmino del texto constan 110 firmas m\u00e1s de apoyo por orden alfab\u00e9tico. Texto: El fascismo, el viejo y el nuevo, principal enemigo de la democracia, se nutre del belicismo y la guerra que promueve el imperialismo en todo el mundo. Luchar por la paz es luchar por la democracia, es luchar contra el fascismo, es tambi\u00e9n combatir al imperialismo. En la actualidad, son m\u00faltiples los conflictos b\u00e9licos en desarrollo en el mundo. En Europa, la guerra en Ucrania, provocada por los Estados Unidos, la OTAN y la UE contra Rusia, ha arrastrado a la Uni\u00f3n Europea a inversiones militares millonarias que detraen inversiones y gastos sociales, agudizan la dependencia energ\u00e9tica y tecnol\u00f3gica, empujan una subida general de precios y amenazan una recesi\u00f3n econ\u00f3mica y social generalizada. M\u00e1s tarde, desde el 7 de octubre pasado, tras ... Leer m\u00e1s","og_url":"https:\/\/porlapazylasoberaniaya.es\/index.php\/2024\/04\/17\/por-la-paz-y-la-soberania-ya\/","og_site_name":"\u00a1POR LA PAZ Y LA SOBERAN\u00cdA YA!","article_published_time":"2024-04-17T20:28:39+00:00","article_modified_time":"2024-04-17T22:12:12+00:00","og_image":[{"width":851,"height":315,"url":"https:\/\/porlapazylasoberaniaya.es\/wp-content\/uploads\/2024\/04\/porlapazya.png","type":"image\/png"}],"author":"pazysoberania","twitter_card":"summary_large_image","twitter_misc":{"Escrito por":"pazysoberania","Tiempo de lectura":"13 minutos"},"schema":{"@context":"https:\/\/schema.org","@graph":[{"@type":"Article","@id":"https:\/\/porlapazylasoberaniaya.es\/index.php\/2024\/04\/17\/por-la-paz-y-la-soberania-ya\/#article","isPartOf":{"@id":"https:\/\/porlapazylasoberaniaya.es\/index.php\/2024\/04\/17\/por-la-paz-y-la-soberania-ya\/"},"author":{"name":"pazysoberania","@id":"https:\/\/porlapazylasoberaniaya.es\/#\/schema\/person\/ac816b6f005183e80dae6f7b1d7a2504"},"headline":"\u00a1POR LA PAZ Y LA SOBERAN\u00cdA YA!","datePublished":"2024-04-17T20:28:39+00:00","dateModified":"2024-04-17T22:12:12+00:00","mainEntityOfPage":{"@id":"https:\/\/porlapazylasoberaniaya.es\/index.php\/2024\/04\/17\/por-la-paz-y-la-soberania-ya\/"},"wordCount":3123,"commentCount":0,"publisher":{"@id":"https:\/\/porlapazylasoberaniaya.es\/#organization"},"image":{"@id":"https:\/\/porlapazylasoberaniaya.es\/index.php\/2024\/04\/17\/por-la-paz-y-la-soberania-ya\/#primaryimage"},"thumbnailUrl":"https:\/\/porlapazylasoberaniaya.es\/wp-content\/uploads\/2024\/04\/porlapazya.png","articleSection":["Pol\u00edtica"],"inLanguage":"es","potentialAction":[{"@type":"CommentAction","name":"Comment","target":["https:\/\/porlapazylasoberaniaya.es\/index.php\/2024\/04\/17\/por-la-paz-y-la-soberania-ya\/#respond"]}]},{"@type":"WebPage","@id":"https:\/\/porlapazylasoberaniaya.es\/index.php\/2024\/04\/17\/por-la-paz-y-la-soberania-ya\/","url":"https:\/\/porlapazylasoberaniaya.es\/index.php\/2024\/04\/17\/por-la-paz-y-la-soberania-ya\/","name":"\u00a1POR LA PAZ Y LA SOBERAN\u00cdA YA! - \u00a1POR LA PAZ Y LA SOBERAN\u00cdA YA!","isPartOf":{"@id":"https:\/\/porlapazylasoberaniaya.es\/#website"},"primaryImageOfPage":{"@id":"https:\/\/porlapazylasoberaniaya.es\/index.php\/2024\/04\/17\/por-la-paz-y-la-soberania-ya\/#primaryimage"},"image":{"@id":"https:\/\/porlapazylasoberaniaya.es\/index.php\/2024\/04\/17\/por-la-paz-y-la-soberania-ya\/#primaryimage"},"thumbnailUrl":"https:\/\/porlapazylasoberaniaya.es\/wp-content\/uploads\/2024\/04\/porlapazya.png","datePublished":"2024-04-17T20:28:39+00:00","dateModified":"2024-04-17T22:12:12+00:00","breadcrumb":{"@id":"https:\/\/porlapazylasoberaniaya.es\/index.php\/2024\/04\/17\/por-la-paz-y-la-soberania-ya\/#breadcrumb"},"inLanguage":"es","potentialAction":[{"@type":"ReadAction","target":["https:\/\/porlapazylasoberaniaya.es\/index.php\/2024\/04\/17\/por-la-paz-y-la-soberania-ya\/"]}]},{"@type":"ImageObject","inLanguage":"es","@id":"https:\/\/porlapazylasoberaniaya.es\/index.php\/2024\/04\/17\/por-la-paz-y-la-soberania-ya\/#primaryimage","url":"https:\/\/porlapazylasoberaniaya.es\/wp-content\/uploads\/2024\/04\/porlapazya.png","contentUrl":"https:\/\/porlapazylasoberaniaya.es\/wp-content\/uploads\/2024\/04\/porlapazya.png","width":851,"height":315},{"@type":"BreadcrumbList","@id":"https:\/\/porlapazylasoberaniaya.es\/index.php\/2024\/04\/17\/por-la-paz-y-la-soberania-ya\/#breadcrumb","itemListElement":[{"@type":"ListItem","position":1,"name":"Portada","item":"https:\/\/porlapazylasoberaniaya.es\/"},{"@type":"ListItem","position":2,"name":"\u00a1POR LA PAZ Y LA SOBERAN\u00cdA YA!"}]},{"@type":"WebSite","@id":"https:\/\/porlapazylasoberaniaya.es\/#website","url":"https:\/\/porlapazylasoberaniaya.es\/","name":"\u00a1POR LA PAZ Y LA SOBERAN\u00cdA YA!","description":"","publisher":{"@id":"https:\/\/porlapazylasoberaniaya.es\/#organization"},"potentialAction":[{"@type":"SearchAction","target":{"@type":"EntryPoint","urlTemplate":"https:\/\/porlapazylasoberaniaya.es\/?s={search_term_string}"},"query-input":"required name=search_term_string"}],"inLanguage":"es"},{"@type":"Organization","@id":"https:\/\/porlapazylasoberaniaya.es\/#organization","name":"\u00a1POR LA PAZ Y LA SOBERAN\u00cdA YA!","url":"https:\/\/porlapazylasoberaniaya.es\/","logo":{"@type":"ImageObject","inLanguage":"es","@id":"https:\/\/porlapazylasoberaniaya.es\/#\/schema\/logo\/image\/","url":"https:\/\/porlapazylasoberaniaya.es\/wp-content\/uploads\/2024\/04\/porlapazya.png","contentUrl":"https:\/\/porlapazylasoberaniaya.es\/wp-content\/uploads\/2024\/04\/porlapazya.png","width":851,"height":315,"caption":"\u00a1POR LA PAZ Y LA SOBERAN\u00cdA YA!"},"image":{"@id":"https:\/\/porlapazylasoberaniaya.es\/#\/schema\/logo\/image\/"}},{"@type":"Person","@id":"https:\/\/porlapazylasoberaniaya.es\/#\/schema\/person\/ac816b6f005183e80dae6f7b1d7a2504","name":"pazysoberania","image":{"@type":"ImageObject","inLanguage":"es","@id":"https:\/\/porlapazylasoberaniaya.es\/#\/schema\/person\/image\/","url":"https:\/\/secure.gravatar.com\/avatar\/a19184a68ca36c38e1904d46cc1a8e55f3152df327884029643e7fb495cde320?s=96&d=mm&r=g","contentUrl":"https:\/\/secure.gravatar.com\/avatar\/a19184a68ca36c38e1904d46cc1a8e55f3152df327884029643e7fb495cde320?s=96&d=mm&r=g","caption":"pazysoberania"},"sameAs":["https:\/\/porlapazylasoberaniaya.es"],"url":"https:\/\/porlapazylasoberaniaya.es\/index.php\/author\/pazysoberania\/"}]}},"jetpack_featured_media_url":"https:\/\/porlapazylasoberaniaya.es\/wp-content\/uploads\/2024\/04\/porlapazya.png","_links":{"self":[{"href":"https:\/\/porlapazylasoberaniaya.es\/index.php\/wp-json\/wp\/v2\/posts\/2471","targetHints":{"allow":["GET"]}}],"collection":[{"href":"https:\/\/porlapazylasoberaniaya.es\/index.php\/wp-json\/wp\/v2\/posts"}],"about":[{"href":"https:\/\/porlapazylasoberaniaya.es\/index.php\/wp-json\/wp\/v2\/types\/post"}],"author":[{"embeddable":true,"href":"https:\/\/porlapazylasoberaniaya.es\/index.php\/wp-json\/wp\/v2\/users\/1"}],"replies":[{"embeddable":true,"href":"https:\/\/porlapazylasoberaniaya.es\/index.php\/wp-json\/wp\/v2\/comments?post=2471"}],"version-history":[{"count":2,"href":"https:\/\/porlapazylasoberaniaya.es\/index.php\/wp-json\/wp\/v2\/posts\/2471\/revisions"}],"predecessor-version":[{"id":2473,"href":"https:\/\/porlapazylasoberaniaya.es\/index.php\/wp-json\/wp\/v2\/posts\/2471\/revisions\/2473"}],"wp:featuredmedia":[{"embeddable":true,"href":"https:\/\/porlapazylasoberaniaya.es\/index.php\/wp-json\/wp\/v2\/media\/1031"}],"wp:attachment":[{"href":"https:\/\/porlapazylasoberaniaya.es\/index.php\/wp-json\/wp\/v2\/media?parent=2471"}],"wp:term":[{"taxonomy":"category","embeddable":true,"href":"https:\/\/porlapazylasoberaniaya.es\/index.php\/wp-json\/wp\/v2\/categories?post=2471"},{"taxonomy":"post_tag","embeddable":true,"href":"https:\/\/porlapazylasoberaniaya.es\/index.php\/wp-json\/wp\/v2\/tags?post=2471"}],"curies":[{"name":"wp","href":"https:\/\/api.w.org\/{rel}","templated":true}]}}